{"id":2784,"date":"2021-03-30T09:33:02","date_gmt":"2021-03-30T12:33:02","guid":{"rendered":"http:\/\/sincomerciariosararaquara.com.br\/home\/?p=2784"},"modified":"2021-03-30T09:33:02","modified_gmt":"2021-03-30T12:33:02","slug":"aditamento-a-convencao-coletiva-marco-2021-adesao-feriados-mercados-supermercados-e-hipermercados","status":"publish","type":"post","link":"https:\/\/sincomerciariosararaquara.com.br\/home\/aditamento-a-convencao-coletiva-marco-2021-adesao-feriados-mercados-supermercados-e-hipermercados\/","title":{"rendered":"Aditamento \u00e0 Conven\u00e7\u00e3o Coletiva: Mar\u00e7o\/2021 &#8211; Ades\u00e3o\/Feriados &#8211; Mercados, Supermercados e Hipermercados"},"content":{"rendered":"<p><a href=\"http:\/\/sincomerciariosararaquara.com.br\/home\/wp-content\/uploads\/2021\/03\/6058e710a77f7.pdf\" target=\"_blank\" rel=\"noopener\">Aditamento \u00e0 Conven\u00e7\u00e3o Coletiva: Mar\u00e7o\/2021 &#8211; Ades\u00e3o\/Feriados &#8211; Mercados, Supermercados e Hipermercados<\/a><\/p>\n","protected":false},"excerpt":{"rendered":"<p>Aditamento \u00e0 Conven\u00e7\u00e3o Coletiva: Mar\u00e7o\/2021 &#8211; Ades\u00e3o\/Feriados &#8211; Mercados, Supermercados e Hipermercados<\/p>\n","protected":false},"author":1,"featured_media":0,"comment_status":"closed","ping_status":"closed","sticky":false,"template":"","format":"standard","meta":{"_et_pb_use_builder":"","_et_pb_old_content":"","_et_gb_content_width":"","footnotes":""},"categories":[12],"tags":[],"class_list":["post-2784","post","type-post","status-publish","format-standard","hentry","category-informacoes_recentes"],"_links":{"self":[{"href":"https:\/\/sincomerciariosararaquara.com.br\/home\/wp-json\/wp\/v2\/posts\/2784","targetHints":{"allow":["GET"]}}],"collection":[{"href":"https:\/\/sincomerciariosararaquara.com.br\/home\/wp-json\/wp\/v2\/posts"}],"about":[{"href":"https:\/\/sincomerciariosararaquara.com.br\/home\/wp-json\/wp\/v2\/types\/post"}],"author":[{"embeddable":true,"href":"https:\/\/sincomerciariosararaquara.com.br\/home\/wp-json\/wp\/v2\/users\/1"}],"replies":[{"embeddable":true,"href":"https:\/\/sincomerciariosararaquara.com.br\/home\/wp-json\/wp\/v2\/comments?post=2784"}],"version-history":[{"count":1,"href":"https:\/\/sincomerciariosararaquara.com.br\/home\/wp-json\/wp\/v2\/posts\/2784\/revisions"}],"predecessor-version":[{"id":2786,"href":"https:\/\/sincomerciariosararaquara.com.br\/home\/wp-json\/wp\/v2\/posts\/2784\/revisions\/2786"}],"wp:attachment":[{"href":"https:\/\/sincomerciariosararaquara.com.br\/home\/wp-json\/wp\/v2\/media?parent=2784"}],"wp:term":[{"taxonomy":"category","embeddable":true,"href":"https:\/\/sincomerciariosararaquara.com.br\/home\/wp-json\/wp\/v2\/categories?post=2784"},{"taxonomy":"post_tag","embeddable":true,"href":"https:\/\/sincomerciariosararaquara.com.br\/home\/wp-json\/wp\/v2\/tags?post=2784"}],"curies":[{"name":"wp","href":"https:\/\/api.w.org\/{rel}","templated":true}]}}