{"id":2914,"date":"2022-03-24T10:19:53","date_gmt":"2022-03-24T13:19:53","guid":{"rendered":"https:\/\/sincomerciariosararaquara.com.br\/home\/?p=2914"},"modified":"2022-09-28T16:36:11","modified_gmt":"2022-09-28T19:36:11","slug":"aditamento-a-convencao-coletiva-de-trabalho-trabalho-em-mercados-supermercados-e-hipermercados","status":"publish","type":"post","link":"https:\/\/sincomerciariosararaquara.com.br\/home\/aditamento-a-convencao-coletiva-de-trabalho-trabalho-em-mercados-supermercados-e-hipermercados\/","title":{"rendered":"Aditamento \u00c0 Conven\u00e7\u00e3o Coletiva De Trabalho Trabalho Em Mercados, Supermercados E Hipermercados"},"content":{"rendered":"<p><a href=\"https:\/\/sincomerciariosararaquara.com.br\/home\/wp-content\/uploads\/2022\/03\/ADITAMENTO-MERCADOS-2022-1.pdf\" target=\"_blank\" rel=\"noopener\">Aditamento \u00c0 Conven\u00e7\u00e3o Coletiva De Trabalho<\/a><br \/>\nTrabalho Em Mercados, Supermercados E Hipermercados Nos<br \/>\nFeriados Dos Meses De Abril De 2022 A Marco De 2023<\/p>\n","protected":false},"excerpt":{"rendered":"<p>Aditamento \u00c0 Conven\u00e7\u00e3o Coletiva De Trabalho Trabalho Em Mercados, Supermercados E Hipermercados Nos Feriados Dos Meses De Abril De 2022 A Marco De 2023<\/p>\n","protected":false},"author":1,"featured_media":0,"comment_status":"closed","ping_status":"closed","sticky":false,"template":"","format":"standard","meta":{"_et_pb_use_builder":"","_et_pb_old_content":"","_et_gb_content_width":"","footnotes":""},"categories":[1],"tags":[],"class_list":["post-2914","post","type-post","status-publish","format-standard","hentry","category-uncategorized"],"_links":{"self":[{"href":"https:\/\/sincomerciariosararaquara.com.br\/home\/wp-json\/wp\/v2\/posts\/2914","targetHints":{"allow":["GET"]}}],"collection":[{"href":"https:\/\/sincomerciariosararaquara.com.br\/home\/wp-json\/wp\/v2\/posts"}],"about":[{"href":"https:\/\/sincomerciariosararaquara.com.br\/home\/wp-json\/wp\/v2\/types\/post"}],"author":[{"embeddable":true,"href":"https:\/\/sincomerciariosararaquara.com.br\/home\/wp-json\/wp\/v2\/users\/1"}],"replies":[{"embeddable":true,"href":"https:\/\/sincomerciariosararaquara.com.br\/home\/wp-json\/wp\/v2\/comments?post=2914"}],"version-history":[{"count":1,"href":"https:\/\/sincomerciariosararaquara.com.br\/home\/wp-json\/wp\/v2\/posts\/2914\/revisions"}],"predecessor-version":[{"id":2916,"href":"https:\/\/sincomerciariosararaquara.com.br\/home\/wp-json\/wp\/v2\/posts\/2914\/revisions\/2916"}],"wp:attachment":[{"href":"https:\/\/sincomerciariosararaquara.com.br\/home\/wp-json\/wp\/v2\/media?parent=2914"}],"wp:term":[{"taxonomy":"category","embeddable":true,"href":"https:\/\/sincomerciariosararaquara.com.br\/home\/wp-json\/wp\/v2\/categories?post=2914"},{"taxonomy":"post_tag","embeddable":true,"href":"https:\/\/sincomerciariosararaquara.com.br\/home\/wp-json\/wp\/v2\/tags?post=2914"}],"curies":[{"name":"wp","href":"https:\/\/api.w.org\/{rel}","templated":true}]}}